{"id":3062,"date":"2017-09-01T11:35:51","date_gmt":"2017-09-01T09:35:51","guid":{"rendered":"https:\/\/graffocean.com\/?p=3062"},"modified":"2019-05-23T11:37:58","modified_gmt":"2019-05-23T09:37:58","slug":"du-nouveau-pour-la-rentree","status":"publish","type":"post","link":"https:\/\/graffocean.com\/du-nouveau-pour-la-rentree\/","title":{"rendered":"Du nouveau pour la rentr\u00e9e"},"content":{"rendered":"<p>[et_pb_section bb_built=\u00a0\u00bb1&Prime; _builder_version=\u00a0\u00bb3.0.47&Prime; custom_padding=\u00a0\u00bb0|0px|54px|0px|false|false\u00a0\u00bb inner_width=\u00a0\u00bbauto\u00a0\u00bb inner_max_width=\u00a0\u00bbnone\u00a0\u00bb][et_pb_row _builder_version=\u00a0\u00bb3.0.48&Prime; background_size=\u00a0\u00bbinitial\u00a0\u00bb background_position=\u00a0\u00bbtop_left\u00a0\u00bb background_repeat=\u00a0\u00bbrepeat\u00a0\u00bb width=\u00a0\u00bb80%\u00a0\u00bb max_width=\u00a0\u00bb1080px\u00a0\u00bb][et_pb_column type=\u00a0\u00bb2_5&Prime;][et_pb_blurb admin_label=\u00a0\u00bbDescription\u00a0\u00bb title=\u00a0\u00bbACTUALIT\u00c9\u00a0\u00bb module_class=\u00a0\u00bbtexte-vertical\u00a0\u00bb _builder_version=\u00a0\u00bb3.22.7&Prime; header_text_color=\u00a0\u00bbrgba(250,66,58,0.3)\u00a0\u00bb header_font_size=\u00a0\u00bb32&Prime; text_shadow_horizontal_length=\u00a0\u00bbtext_shadow_style,%91object Object%93&Prime; text_shadow_vertical_length=\u00a0\u00bbtext_shadow_style,%91object Object%93&Prime; text_shadow_blur_strength=\u00a0\u00bbtext_shadow_style,%91object Object%93&Prime; header_text_shadow_horizontal_length=\u00a0\u00bbheader_text_shadow_style,%91object Object%93&Prime; header_text_shadow_vertical_length=\u00a0\u00bbheader_text_shadow_style,%91object Object%93&Prime; header_text_shadow_blur_strength=\u00a0\u00bbheader_text_shadow_style,%91object Object%93&Prime; body_text_shadow_horizontal_length=\u00a0\u00bbbody_text_shadow_style,%91object Object%93&Prime; body_text_shadow_vertical_length=\u00a0\u00bbbody_text_shadow_style,%91object Object%93&Prime; body_text_shadow_blur_strength=\u00a0\u00bbbody_text_shadow_style,%91object Object%93&Prime; z_index_tablet=\u00a0\u00bb500&Prime;]<\/p>\n<p>Nous sommes fiers de vous annoncer que nous accompagnons le comit\u00e9 de la\u00a0<a class=\"LinkOut\" href=\"http:\/\/www.foire-des-minees.fr\/\" target=\"_blank\" rel=\"noopener noreferrer\"><strong>Foire des Min\u00e9es<\/strong><\/a>\u00a0dans leur communication : Nouveau site Internet, animation\u00a0des r\u00e9seaux sociaux, prise de photos et de vid\u00e9os pendant l&rsquo;\u00e9v\u00e9nement.<\/p>\n<p>Nous passerons voir chaque exposants et vous aurez \u00e9galement la possibilit\u00e9 de nous rencontrer sur notre stand &#8211;\u00a0<strong>Hall 3 Stand DG<\/strong>.<\/p>\n<h6><strong><a class=\"LinkOut\" href=\"http:\/\/www.foire-des-minees.fr\/\" target=\"_blank\" rel=\"noopener noreferrer\">www.foire-des-minees.fr<\/a><\/strong><\/h6>\n<p>[\/et_pb_blurb][\/et_pb_column][et_pb_column type=\u00a0\u00bb3_5&Prime;][et_pb_gallery gallery_ids=\u00a0\u00bb3063&Prime; fullwidth=\u00a0\u00bbon\u00a0\u00bb _builder_version=\u00a0\u00bb3.22.7&Prime; pagination_text_color=\u00a0\u00bb#ffffff\u00a0\u00bb auto=\u00a0\u00bbon\u00a0\u00bb auto_speed=\u00a0\u00bb3000&Prime; hover_overlay_color=\u00a0\u00bbrgba(255,255,255,0.9)\u00a0\u00bb text_shadow_horizontal_length=\u00a0\u00bbtext_shadow_style,%91object Object%93&Prime; text_shadow_vertical_length=\u00a0\u00bbtext_shadow_style,%91object Object%93&Prime; text_shadow_blur_strength=\u00a0\u00bbtext_shadow_style,%91object Object%93&Prime; title_text_shadow_horizontal_length=\u00a0\u00bbtitle_text_shadow_style,%91object Object%93&Prime; title_text_shadow_vertical_length=\u00a0\u00bbtitle_text_shadow_style,%91object Object%93&Prime; title_text_shadow_blur_strength=\u00a0\u00bbtitle_text_shadow_style,%91object Object%93&Prime; caption_text_shadow_horizontal_length=\u00a0\u00bbcaption_text_shadow_style,%91object Object%93&Prime; caption_text_shadow_vertical_length=\u00a0\u00bbcaption_text_shadow_style,%91object Object%93&Prime; caption_text_shadow_blur_strength=\u00a0\u00bbcaption_text_shadow_style,%91object Object%93&Prime; pagination_text_shadow_horizontal_length=\u00a0\u00bbpagination_text_shadow_style,%91object Object%93&Prime; pagination_text_shadow_vertical_length=\u00a0\u00bbpagination_text_shadow_style,%91object Object%93&Prime; pagination_text_shadow_blur_strength=\u00a0\u00bbpagination_text_shadow_style,%91object Object%93&Prime; z_index_tablet=\u00a0\u00bb500&Prime;]<\/p>\n<p>[\/et_pb_gallery][\/et_pb_column][\/et_pb_row][\/et_pb_section]<\/p>\n","protected":false},"excerpt":{"rendered":"<p>Nous sommes fiers de vous annoncer que nous accompagnons le comit\u00e9 de la\u00a0Foire des Min\u00e9es\u00a0dans leur communication : Nouveau site Internet, animation\u00a0des r\u00e9seaux sociaux, prise de photos et de vid\u00e9os pendant l&rsquo;\u00e9v\u00e9nement.Nous passerons voir chaque exposants et vous aurez \u00e9galement la possibilit\u00e9 de nous rencontrer sur notre stand &#8211;\u00a0Hall 3 Stand DG.www.foire-des-minees.fr<\/p>\n","protected":false},"author":1,"featured_media":3064,"comment_status":"closed","ping_status":"closed","sticky":false,"template":"","format":"standard","meta":{"_et_pb_use_builder":"on","_et_pb_old_content":"","_et_gb_content_width":"","footnotes":""},"categories":[13],"tags":[],"class_list":["post-3062","post","type-post","status-publish","format-standard","has-post-thumbnail","hentry","category-agence"],"yoast_head":"<!-- This site is optimized with the Yoast SEO plugin v25.7 - https:\/\/yoast.com\/wordpress\/plugins\/seo\/ -->\n<title>Du nouveau pour la rentr\u00e9e - Graffocean, Agence de Communication Vend\u00e9e \u00e0 Challans et Noirmoutier<\/title>\n<meta name=\"robots\" content=\"index, follow, max-snippet:-1, max-image-preview:large, max-video-preview:-1\" \/>\n<link rel=\"canonical\" href=\"https:\/\/graffocean.com\/du-nouveau-pour-la-rentree\/\" \/>\n<meta property=\"og:locale\" content=\"fr_FR\" \/>\n<meta property=\"og:type\" content=\"article\" \/>\n<meta property=\"og:title\" content=\"Du nouveau pour la rentr\u00e9e - Graffocean, Agence de Communication Vend\u00e9e \u00e0 Challans et Noirmoutier\" \/>\n<meta property=\"og:description\" content=\"Nous sommes fiers de vous annoncer que nous accompagnons le comit\u00e9 de la\u00a0Foire des Min\u00e9es\u00a0dans leur communication : Nouveau site Internet, animation\u00a0des r\u00e9seaux sociaux, prise de photos et de vid\u00e9os pendant l&#039;\u00e9v\u00e9nement.Nous passerons voir chaque exposants et vous aurez \u00e9galement la possibilit\u00e9 de nous rencontrer sur notre stand -\u00a0Hall 3 Stand DG.www.foire-des-minees.fr\" \/>\n<meta property=\"og:url\" content=\"https:\/\/graffocean.com\/du-nouveau-pour-la-rentree\/\" \/>\n<meta property=\"og:site_name\" content=\"Graffocean, Agence de Communication Vend\u00e9e \u00e0 Challans et Noirmoutier\" \/>\n<meta property=\"article:published_time\" content=\"2017-09-01T09:35:51+00:00\" \/>\n<meta property=\"article:modified_time\" content=\"2019-05-23T09:37:58+00:00\" \/>\n<meta property=\"og:image\" content=\"https:\/\/graffocean.com\/wp-content\/uploads\/2019\/05\/foire-des-minees-challans-1.jpg\" \/>\n\t<meta property=\"og:image:width\" content=\"1128\" \/>\n\t<meta property=\"og:image:height\" content=\"1128\" \/>\n\t<meta property=\"og:image:type\" content=\"image\/jpeg\" \/>\n<meta name=\"author\" content=\"admin-graffocean\" \/>\n<meta name=\"twitter:card\" content=\"summary_large_image\" \/>\n<meta name=\"twitter:label1\" content=\"\u00c9crit par\" \/>\n\t<meta name=\"twitter:data1\" content=\"admin-graffocean\" \/>\n\t<meta name=\"twitter:label2\" content=\"Dur\u00e9e de lecture estim\u00e9e\" \/>\n\t<meta name=\"twitter:data2\" content=\"2 minutes\" \/>\n<script type=\"application\/ld+json\" class=\"yoast-schema-graph\">{\"@context\":\"https:\/\/schema.org\",\"@graph\":[{\"@type\":\"Article\",\"@id\":\"https:\/\/graffocean.com\/du-nouveau-pour-la-rentree\/#article\",\"isPartOf\":{\"@id\":\"https:\/\/graffocean.com\/du-nouveau-pour-la-rentree\/\"},\"author\":{\"name\":\"admin-graffocean\",\"@id\":\"https:\/\/graffocean.com\/#\/schema\/person\/fcc7f7741bdf1c67ef54c1df5e24eb63\"},\"headline\":\"Du nouveau pour la rentr\u00e9e\",\"datePublished\":\"2017-09-01T09:35:51+00:00\",\"dateModified\":\"2019-05-23T09:37:58+00:00\",\"mainEntityOfPage\":{\"@id\":\"https:\/\/graffocean.com\/du-nouveau-pour-la-rentree\/\"},\"wordCount\":401,\"publisher\":{\"@id\":\"https:\/\/graffocean.com\/#organization\"},\"image\":{\"@id\":\"https:\/\/graffocean.com\/du-nouveau-pour-la-rentree\/#primaryimage\"},\"thumbnailUrl\":\"https:\/\/graffocean.com\/wp-content\/uploads\/2019\/05\/foire-des-minees-challans-1.jpg\",\"articleSection\":[\"Agence\"],\"inLanguage\":\"fr-FR\"},{\"@type\":\"WebPage\",\"@id\":\"https:\/\/graffocean.com\/du-nouveau-pour-la-rentree\/\",\"url\":\"https:\/\/graffocean.com\/du-nouveau-pour-la-rentree\/\",\"name\":\"Du nouveau pour la rentr\u00e9e - Graffocean, Agence de Communication Vend\u00e9e \u00e0 Challans et Noirmoutier\",\"isPartOf\":{\"@id\":\"https:\/\/graffocean.com\/#website\"},\"primaryImageOfPage\":{\"@id\":\"https:\/\/graffocean.com\/du-nouveau-pour-la-rentree\/#primaryimage\"},\"image\":{\"@id\":\"https:\/\/graffocean.com\/du-nouveau-pour-la-rentree\/#primaryimage\"},\"thumbnailUrl\":\"https:\/\/graffocean.com\/wp-content\/uploads\/2019\/05\/foire-des-minees-challans-1.jpg\",\"datePublished\":\"2017-09-01T09:35:51+00:00\",\"dateModified\":\"2019-05-23T09:37:58+00:00\",\"breadcrumb\":{\"@id\":\"https:\/\/graffocean.com\/du-nouveau-pour-la-rentree\/#breadcrumb\"},\"inLanguage\":\"fr-FR\",\"potentialAction\":[{\"@type\":\"ReadAction\",\"target\":[\"https:\/\/graffocean.com\/du-nouveau-pour-la-rentree\/\"]}]},{\"@type\":\"ImageObject\",\"inLanguage\":\"fr-FR\",\"@id\":\"https:\/\/graffocean.com\/du-nouveau-pour-la-rentree\/#primaryimage\",\"url\":\"https:\/\/graffocean.com\/wp-content\/uploads\/2019\/05\/foire-des-minees-challans-1.jpg\",\"contentUrl\":\"https:\/\/graffocean.com\/wp-content\/uploads\/2019\/05\/foire-des-minees-challans-1.jpg\",\"width\":1128,\"height\":1128},{\"@type\":\"BreadcrumbList\",\"@id\":\"https:\/\/graffocean.com\/du-nouveau-pour-la-rentree\/#breadcrumb\",\"itemListElement\":[{\"@type\":\"ListItem\",\"position\":1,\"name\":\"Accueil\",\"item\":\"https:\/\/graffocean.com\/\"},{\"@type\":\"ListItem\",\"position\":2,\"name\":\"Agence\",\"item\":\"https:\/\/graffocean.com\/category\/agence\/\"},{\"@type\":\"ListItem\",\"position\":3,\"name\":\"Du nouveau pour la rentr\u00e9e\"}]},{\"@type\":\"WebSite\",\"@id\":\"https:\/\/graffocean.com\/#website\",\"url\":\"https:\/\/graffocean.com\/\",\"name\":\"Graffocean, Agence de Communication Vend\u00e9e \u00e0 Challans et Noirmoutier\",\"description\":\"Agence de Communication\",\"publisher\":{\"@id\":\"https:\/\/graffocean.com\/#organization\"},\"potentialAction\":[{\"@type\":\"SearchAction\",\"target\":{\"@type\":\"EntryPoint\",\"urlTemplate\":\"https:\/\/graffocean.com\/?s={search_term_string}\"},\"query-input\":{\"@type\":\"PropertyValueSpecification\",\"valueRequired\":true,\"valueName\":\"search_term_string\"}}],\"inLanguage\":\"fr-FR\"},{\"@type\":\"Organization\",\"@id\":\"https:\/\/graffocean.com\/#organization\",\"name\":\"Graffocean\",\"url\":\"https:\/\/graffocean.com\/\",\"logo\":{\"@type\":\"ImageObject\",\"inLanguage\":\"fr-FR\",\"@id\":\"https:\/\/graffocean.com\/#\/schema\/logo\/image\/\",\"url\":\"https:\/\/graffocean.com\/wp-content\/uploads\/2018\/12\/logo-graffocean.svg\",\"contentUrl\":\"https:\/\/graffocean.com\/wp-content\/uploads\/2018\/12\/logo-graffocean.svg\",\"width\":522,\"height\":66,\"caption\":\"Graffocean\"},\"image\":{\"@id\":\"https:\/\/graffocean.com\/#\/schema\/logo\/image\/\"}},{\"@type\":\"Person\",\"@id\":\"https:\/\/graffocean.com\/#\/schema\/person\/fcc7f7741bdf1c67ef54c1df5e24eb63\",\"name\":\"admin-graffocean\",\"image\":{\"@type\":\"ImageObject\",\"inLanguage\":\"fr-FR\",\"@id\":\"https:\/\/graffocean.com\/#\/schema\/person\/image\/\",\"url\":\"https:\/\/secure.gravatar.com\/avatar\/b7e7818f3bc4056d29730c8b49b56e37487cafa62e85d34ee719e66093981a2f?s=96&d=mm&r=g\",\"contentUrl\":\"https:\/\/secure.gravatar.com\/avatar\/b7e7818f3bc4056d29730c8b49b56e37487cafa62e85d34ee719e66093981a2f?s=96&d=mm&r=g\",\"caption\":\"admin-graffocean\"},\"url\":\"https:\/\/graffocean.com\/author\/admin-graffocean\/\"}]}<\/script>\n<!-- \/ Yoast SEO plugin. -->","yoast_head_json":{"title":"Du nouveau pour la rentr\u00e9e - Graffocean, Agence de Communication Vend\u00e9e \u00e0 Challans et Noirmoutier","robots":{"index":"index","follow":"follow","max-snippet":"max-snippet:-1","max-image-preview":"max-image-preview:large","max-video-preview":"max-video-preview:-1"},"canonical":"https:\/\/graffocean.com\/du-nouveau-pour-la-rentree\/","og_locale":"fr_FR","og_type":"article","og_title":"Du nouveau pour la rentr\u00e9e - Graffocean, Agence de Communication Vend\u00e9e \u00e0 Challans et Noirmoutier","og_description":"Nous sommes fiers de vous annoncer que nous accompagnons le comit\u00e9 de la\u00a0Foire des Min\u00e9es\u00a0dans leur communication : Nouveau site Internet, animation\u00a0des r\u00e9seaux sociaux, prise de photos et de vid\u00e9os pendant l'\u00e9v\u00e9nement.Nous passerons voir chaque exposants et vous aurez \u00e9galement la possibilit\u00e9 de nous rencontrer sur notre stand -\u00a0Hall 3 Stand DG.www.foire-des-minees.fr","og_url":"https:\/\/graffocean.com\/du-nouveau-pour-la-rentree\/","og_site_name":"Graffocean, Agence de Communication Vend\u00e9e \u00e0 Challans et Noirmoutier","article_published_time":"2017-09-01T09:35:51+00:00","article_modified_time":"2019-05-23T09:37:58+00:00","og_image":[{"width":1128,"height":1128,"url":"https:\/\/graffocean.com\/wp-content\/uploads\/2019\/05\/foire-des-minees-challans-1.jpg","type":"image\/jpeg"}],"author":"admin-graffocean","twitter_card":"summary_large_image","twitter_misc":{"\u00c9crit par":"admin-graffocean","Dur\u00e9e de lecture estim\u00e9e":"2 minutes"},"schema":{"@context":"https:\/\/schema.org","@graph":[{"@type":"Article","@id":"https:\/\/graffocean.com\/du-nouveau-pour-la-rentree\/#article","isPartOf":{"@id":"https:\/\/graffocean.com\/du-nouveau-pour-la-rentree\/"},"author":{"name":"admin-graffocean","@id":"https:\/\/graffocean.com\/#\/schema\/person\/fcc7f7741bdf1c67ef54c1df5e24eb63"},"headline":"Du nouveau pour la rentr\u00e9e","datePublished":"2017-09-01T09:35:51+00:00","dateModified":"2019-05-23T09:37:58+00:00","mainEntityOfPage":{"@id":"https:\/\/graffocean.com\/du-nouveau-pour-la-rentree\/"},"wordCount":401,"publisher":{"@id":"https:\/\/graffocean.com\/#organization"},"image":{"@id":"https:\/\/graffocean.com\/du-nouveau-pour-la-rentree\/#primaryimage"},"thumbnailUrl":"https:\/\/graffocean.com\/wp-content\/uploads\/2019\/05\/foire-des-minees-challans-1.jpg","articleSection":["Agence"],"inLanguage":"fr-FR"},{"@type":"WebPage","@id":"https:\/\/graffocean.com\/du-nouveau-pour-la-rentree\/","url":"https:\/\/graffocean.com\/du-nouveau-pour-la-rentree\/","name":"Du nouveau pour la rentr\u00e9e - Graffocean, Agence de Communication Vend\u00e9e \u00e0 Challans et Noirmoutier","isPartOf":{"@id":"https:\/\/graffocean.com\/#website"},"primaryImageOfPage":{"@id":"https:\/\/graffocean.com\/du-nouveau-pour-la-rentree\/#primaryimage"},"image":{"@id":"https:\/\/graffocean.com\/du-nouveau-pour-la-rentree\/#primaryimage"},"thumbnailUrl":"https:\/\/graffocean.com\/wp-content\/uploads\/2019\/05\/foire-des-minees-challans-1.jpg","datePublished":"2017-09-01T09:35:51+00:00","dateModified":"2019-05-23T09:37:58+00:00","breadcrumb":{"@id":"https:\/\/graffocean.com\/du-nouveau-pour-la-rentree\/#breadcrumb"},"inLanguage":"fr-FR","potentialAction":[{"@type":"ReadAction","target":["https:\/\/graffocean.com\/du-nouveau-pour-la-rentree\/"]}]},{"@type":"ImageObject","inLanguage":"fr-FR","@id":"https:\/\/graffocean.com\/du-nouveau-pour-la-rentree\/#primaryimage","url":"https:\/\/graffocean.com\/wp-content\/uploads\/2019\/05\/foire-des-minees-challans-1.jpg","contentUrl":"https:\/\/graffocean.com\/wp-content\/uploads\/2019\/05\/foire-des-minees-challans-1.jpg","width":1128,"height":1128},{"@type":"BreadcrumbList","@id":"https:\/\/graffocean.com\/du-nouveau-pour-la-rentree\/#breadcrumb","itemListElement":[{"@type":"ListItem","position":1,"name":"Accueil","item":"https:\/\/graffocean.com\/"},{"@type":"ListItem","position":2,"name":"Agence","item":"https:\/\/graffocean.com\/category\/agence\/"},{"@type":"ListItem","position":3,"name":"Du nouveau pour la rentr\u00e9e"}]},{"@type":"WebSite","@id":"https:\/\/graffocean.com\/#website","url":"https:\/\/graffocean.com\/","name":"Graffocean, Agence de Communication Vend\u00e9e \u00e0 Challans et Noirmoutier","description":"Agence de Communication","publisher":{"@id":"https:\/\/graffocean.com\/#organization"},"potentialAction":[{"@type":"SearchAction","target":{"@type":"EntryPoint","urlTemplate":"https:\/\/graffocean.com\/?s={search_term_string}"},"query-input":{"@type":"PropertyValueSpecification","valueRequired":true,"valueName":"search_term_string"}}],"inLanguage":"fr-FR"},{"@type":"Organization","@id":"https:\/\/graffocean.com\/#organization","name":"Graffocean","url":"https:\/\/graffocean.com\/","logo":{"@type":"ImageObject","inLanguage":"fr-FR","@id":"https:\/\/graffocean.com\/#\/schema\/logo\/image\/","url":"https:\/\/graffocean.com\/wp-content\/uploads\/2018\/12\/logo-graffocean.svg","contentUrl":"https:\/\/graffocean.com\/wp-content\/uploads\/2018\/12\/logo-graffocean.svg","width":522,"height":66,"caption":"Graffocean"},"image":{"@id":"https:\/\/graffocean.com\/#\/schema\/logo\/image\/"}},{"@type":"Person","@id":"https:\/\/graffocean.com\/#\/schema\/person\/fcc7f7741bdf1c67ef54c1df5e24eb63","name":"admin-graffocean","image":{"@type":"ImageObject","inLanguage":"fr-FR","@id":"https:\/\/graffocean.com\/#\/schema\/person\/image\/","url":"https:\/\/secure.gravatar.com\/avatar\/b7e7818f3bc4056d29730c8b49b56e37487cafa62e85d34ee719e66093981a2f?s=96&d=mm&r=g","contentUrl":"https:\/\/secure.gravatar.com\/avatar\/b7e7818f3bc4056d29730c8b49b56e37487cafa62e85d34ee719e66093981a2f?s=96&d=mm&r=g","caption":"admin-graffocean"},"url":"https:\/\/graffocean.com\/author\/admin-graffocean\/"}]}},"_links":{"self":[{"href":"https:\/\/graffocean.com\/api\/wp\/v2\/posts\/3062","targetHints":{"allow":["GET"]}}],"collection":[{"href":"https:\/\/graffocean.com\/api\/wp\/v2\/posts"}],"about":[{"href":"https:\/\/graffocean.com\/api\/wp\/v2\/types\/post"}],"author":[{"embeddable":true,"href":"https:\/\/graffocean.com\/api\/wp\/v2\/users\/1"}],"replies":[{"embeddable":true,"href":"https:\/\/graffocean.com\/api\/wp\/v2\/comments?post=3062"}],"version-history":[{"count":0,"href":"https:\/\/graffocean.com\/api\/wp\/v2\/posts\/3062\/revisions"}],"wp:featuredmedia":[{"embeddable":true,"href":"https:\/\/graffocean.com\/api\/wp\/v2\/media\/3064"}],"wp:attachment":[{"href":"https:\/\/graffocean.com\/api\/wp\/v2\/media?parent=3062"}],"wp:term":[{"taxonomy":"category","embeddable":true,"href":"https:\/\/graffocean.com\/api\/wp\/v2\/categories?post=3062"},{"taxonomy":"post_tag","embeddable":true,"href":"https:\/\/graffocean.com\/api\/wp\/v2\/tags?post=3062"}],"curies":[{"name":"wp","href":"https:\/\/api.w.org\/{rel}","templated":true}]}}