{"id":6733,"date":"2022-03-23T10:00:05","date_gmt":"2022-03-23T09:00:05","guid":{"rendered":"https:\/\/graffocean.com\/?p=6733"},"modified":"2022-03-09T13:00:15","modified_gmt":"2022-03-09T12:00:15","slug":"focus-david","status":"publish","type":"post","link":"https:\/\/graffocean.com\/focus-david\/","title":{"rendered":"Focus sur David, Responsable de l&rsquo;agence de Challans !"},"content":{"rendered":"<p>[et_pb_section fb_built=\u00a0\u00bb1&Prime; _builder_version=\u00a0\u00bb3.22&Prime; custom_padding=\u00a0\u00bb0|0px|54px|0px|false|false\u00a0\u00bb global_colors_info=\u00a0\u00bb{}\u00a0\u00bb][et_pb_row column_structure=\u00a0\u00bb2_5,3_5&Prime; _builder_version=\u00a0\u00bb3.25&Prime; background_size=\u00a0\u00bbinitial\u00a0\u00bb background_position=\u00a0\u00bbtop_left\u00a0\u00bb background_repeat=\u00a0\u00bbrepeat\u00a0\u00bb global_colors_info=\u00a0\u00bb{}\u00a0\u00bb][et_pb_column type=\u00a0\u00bb2_5&Prime; _builder_version=\u00a0\u00bb3.25&Prime; custom_padding=\u00a0\u00bb|||\u00a0\u00bb global_colors_info=\u00a0\u00bb{}\u00a0\u00bb custom_padding__hover=\u00a0\u00bb|||\u00a0\u00bb][et_pb_blurb title=\u00a0\u00bbFOCUS\u00a0\u00bb admin_label=\u00a0\u00bbDescription\u00a0\u00bb module_class=\u00a0\u00bbtexte-vertical\u00a0\u00bb _builder_version=\u00a0\u00bb4.14.7&Prime; header_text_color=\u00a0\u00bbrgba(250,66,58,0.3)\u00a0\u00bb header_font_size=\u00a0\u00bb32&Prime; hover_enabled=\u00a0\u00bb0&Prime; z_index_tablet=\u00a0\u00bb500&Prime; body_link_text_shadow_horizontal_length_tablet=\u00a0\u00bb0px\u00a0\u00bb body_link_text_shadow_vertical_length_tablet=\u00a0\u00bb0px\u00a0\u00bb body_link_text_shadow_blur_strength_tablet=\u00a0\u00bb1px\u00a0\u00bb body_ul_text_shadow_horizontal_length_tablet=\u00a0\u00bb0px\u00a0\u00bb body_ul_text_shadow_vertical_length_tablet=\u00a0\u00bb0px\u00a0\u00bb body_ul_text_shadow_blur_strength_tablet=\u00a0\u00bb1px\u00a0\u00bb body_ol_text_shadow_horizontal_length_tablet=\u00a0\u00bb0px\u00a0\u00bb body_ol_text_shadow_vertical_length_tablet=\u00a0\u00bb0px\u00a0\u00bb body_ol_text_shadow_blur_strength_tablet=\u00a0\u00bb1px\u00a0\u00bb body_quote_text_shadow_horizontal_length_tablet=\u00a0\u00bb0px\u00a0\u00bb body_quote_text_shadow_vertical_length_tablet=\u00a0\u00bb0px\u00a0\u00bb body_quote_text_shadow_blur_strength_tablet=\u00a0\u00bb1px\u00a0\u00bb box_shadow_horizontal_tablet=\u00a0\u00bb0px\u00a0\u00bb box_shadow_vertical_tablet=\u00a0\u00bb0px\u00a0\u00bb box_shadow_blur_tablet=\u00a0\u00bb40px\u00a0\u00bb box_shadow_spread_tablet=\u00a0\u00bb0px\u00a0\u00bb box_shadow_horizontal_image_tablet=\u00a0\u00bb0px\u00a0\u00bb box_shadow_vertical_image_tablet=\u00a0\u00bb0px\u00a0\u00bb box_shadow_blur_image_tablet=\u00a0\u00bb40px\u00a0\u00bb box_shadow_spread_image_tablet=\u00a0\u00bb0px\u00a0\u00bb global_colors_info=\u00a0\u00bb{}\u00a0\u00bb sticky_enabled=\u00a0\u00bb0&Prime;]<\/p>\n<p><span style=\"font-weight: 400;\">Petit focus sur David, responsable de l&rsquo;agence de Challans, entre autres ! C&rsquo;est l&rsquo;un des plus \u00ab\u00a0vieux\u00a0\u00bb membres de l&rsquo;\u00e9quipe, il fait presque partie des meubles, comme on dit ! V\u00e9ritable couteau suisse, David intervient \u00e9galement en tant que graphiste et web designer sur certains projets.<\/span><\/p>\n<p><span style=\"font-weight: 400;\">Que dites-vous d\u2019apprendre \u00e0 mieux la conna\u00eetre ?\u00a0<\/span><\/p>\n<p><b>Ta date d\u2019anniversaire : <\/b><\/p>\n<p><span style=\"font-weight: 400;\">28 ao\u00fbt<\/span><\/p>\n<p><b>Ton signe du zodiaque :<\/b><\/p>\n<p><span style=\"font-weight: 400;\">Vierge<br \/><\/span><\/p>\n<p><b>Ton poste : <\/b><\/p>\n<p><span style=\"font-weight: 400;\">Responsable de l&rsquo;agence de Challans, graphiste et web designer\u00a0<\/span><\/p>\n<p><b>Ton r\u00f4le en quelques lignes au sein de l\u2019agence :\u00a0<\/b><\/p>\n<p><span style=\"font-weight: 400;\">\u00c9couter, \u00e9changer, cr\u00e9er et accompagner nos clients comme de v\u00e9ritables partenaires afin d\u2019assurer une coh\u00e9rence graphique, technique et strat\u00e9gique de leur communication.<\/span><\/p>\n<p><b>Ce que tu pr\u00e9f\u00e8res chez Graffocean :\u00a0<\/b><\/p>\n<p><span style=\"font-weight: 400;\">Une entreprise \u00e0 taille humaine avec une \u00e9quipe sur qui on peut compter, des clients motiv\u00e9s et motivants, un domaine d\u2019activit\u00e9 en constante \u00e9volution et des nouveaux challenges toujours plus passionnants.<br \/><\/span><\/p>\n<p><b>Tes passions :\u00a0<\/b><\/p>\n<p><span style=\"font-weight: 400;\">La nature, le sauvage, l\u2019art sous toutes ses formes et r\u00e9nover ma maison tout en changeant les couches de mon fils.<br \/><\/span><\/p>\n<p><b>Ta devise pr\u00e9f\u00e9r\u00e9e :<\/b><\/p>\n<p><span style=\"font-weight: 400;\">\u00ab\u00a0Qui ne tente rien, n\u2019a rien !\u00a0\u00bb <\/span><\/p>\n<p>[\/et_pb_blurb][\/et_pb_column][et_pb_column type=\u00a0\u00bb3_5&Prime; _builder_version=\u00a0\u00bb3.25&Prime; custom_padding=\u00a0\u00bb|||\u00a0\u00bb global_colors_info=\u00a0\u00bb{}\u00a0\u00bb custom_padding__hover=\u00a0\u00bb|||\u00a0\u00bb][et_pb_gallery gallery_ids=\u00a0\u00bb6862&Prime; fullwidth=\u00a0\u00bbon\u00a0\u00bb _builder_version=\u00a0\u00bb4.14.7&Prime; pagination_text_color=\u00a0\u00bb#ffffff\u00a0\u00bb auto=\u00a0\u00bbon\u00a0\u00bb auto_speed=\u00a0\u00bb3000&Prime; z_index_tablet=\u00a0\u00bb500&Prime; box_shadow_horizontal_tablet=\u00a0\u00bb0px\u00a0\u00bb box_shadow_vertical_tablet=\u00a0\u00bb0px\u00a0\u00bb box_shadow_blur_tablet=\u00a0\u00bb40px\u00a0\u00bb box_shadow_spread_tablet=\u00a0\u00bb0px\u00a0\u00bb box_shadow_horizontal_image_tablet=\u00a0\u00bb0px\u00a0\u00bb box_shadow_vertical_image_tablet=\u00a0\u00bb0px\u00a0\u00bb box_shadow_blur_image_tablet=\u00a0\u00bb40px\u00a0\u00bb box_shadow_spread_image_tablet=\u00a0\u00bb0px\u00a0\u00bb global_colors_info=\u00a0\u00bb{}\u00a0\u00bb][\/et_pb_gallery][\/et_pb_column][\/et_pb_row][\/et_pb_section]<\/p>\n","protected":false},"excerpt":{"rendered":"<p>Petit focus sur David, responsable de l&rsquo;agence de Challans, entre autres ! C&rsquo;est l&rsquo;un des plus \u00ab\u00a0vieux\u00a0\u00bb membres de l&rsquo;\u00e9quipe, il fait presque partie des meubles, comme on dit ! V\u00e9ritable couteau suisse, David intervient \u00e9galement en tant que graphiste et web designer sur certains projets. Que dites-vous d\u2019apprendre \u00e0 mieux la conna\u00eetre ?\u00a0 Ta [&hellip;]<\/p>\n","protected":false},"author":4,"featured_media":6862,"comment_status":"closed","ping_status":"closed","sticky":false,"template":"","format":"standard","meta":{"_et_pb_use_builder":"on","_et_pb_old_content":"","_et_gb_content_width":"","footnotes":""},"categories":[13],"tags":[36,34,37,38,35,30,27,29],"class_list":["post-6733","post","type-post","status-publish","format-standard","has-post-thumbnail","hentry","category-agence","tag-challans","tag-graffocean","tag-graphiste","tag-integrateur","tag-noirmoutier","tag-print","tag-projets","tag-web"],"yoast_head":"<!-- This site is optimized with the Yoast SEO plugin v25.7 - https:\/\/yoast.com\/wordpress\/plugins\/seo\/ -->\n<title>Focus sur David, Responsable de l&#039;agence de Challans ! Graffocean, Agence de Communication Vend\u00e9e \u00e0 Challans et Noirmoutier<\/title>\n<meta name=\"description\" content=\"David, responsable de l&#039;agence de Challans, entre autres ! Il est actif sur tous les fronts au sein de l&#039;agence de communication Graffocean\" \/>\n<meta name=\"robots\" content=\"index, follow, max-snippet:-1, max-image-preview:large, max-video-preview:-1\" \/>\n<link rel=\"canonical\" href=\"https:\/\/graffocean.com\/focus-david\/\" \/>\n<meta property=\"og:locale\" content=\"fr_FR\" \/>\n<meta property=\"og:type\" content=\"article\" \/>\n<meta property=\"og:title\" content=\"Focus sur David, Responsable de l&#039;agence de Challans ! Graffocean, Agence de Communication Vend\u00e9e \u00e0 Challans et Noirmoutier\" \/>\n<meta property=\"og:description\" content=\"David, responsable de l&#039;agence de Challans, entre autres ! Il est actif sur tous les fronts au sein de l&#039;agence de communication Graffocean\" \/>\n<meta property=\"og:url\" content=\"https:\/\/graffocean.com\/focus-david\/\" \/>\n<meta property=\"og:site_name\" content=\"Graffocean, Agence de Communication Vend\u00e9e \u00e0 Challans et Noirmoutier\" \/>\n<meta property=\"article:published_time\" content=\"2022-03-23T09:00:05+00:00\" \/>\n<meta property=\"og:image\" content=\"https:\/\/graffocean.com\/wp-content\/uploads\/2022\/01\/2022-02-16-DAVID.jpg\" \/>\n\t<meta property=\"og:image:width\" content=\"1200\" \/>\n\t<meta property=\"og:image:height\" content=\"1200\" \/>\n\t<meta property=\"og:image:type\" content=\"image\/jpeg\" \/>\n<meta name=\"author\" content=\"Valentine Binot\" \/>\n<meta name=\"twitter:card\" content=\"summary_large_image\" \/>\n<meta name=\"twitter:label1\" content=\"\u00c9crit par\" \/>\n\t<meta name=\"twitter:data1\" content=\"Valentine Binot\" \/>\n\t<meta name=\"twitter:label2\" content=\"Dur\u00e9e de lecture estim\u00e9e\" \/>\n\t<meta name=\"twitter:data2\" content=\"3 minutes\" \/>\n<script type=\"application\/ld+json\" class=\"yoast-schema-graph\">{\"@context\":\"https:\/\/schema.org\",\"@graph\":[{\"@type\":\"Article\",\"@id\":\"https:\/\/graffocean.com\/focus-david\/#article\",\"isPartOf\":{\"@id\":\"https:\/\/graffocean.com\/focus-david\/\"},\"author\":{\"name\":\"Valentine Binot\",\"@id\":\"https:\/\/graffocean.com\/#\/schema\/person\/0a7866107900a3dcd99e2987c8c59c21\"},\"headline\":\"Focus sur David, Responsable de l&rsquo;agence de Challans !\",\"datePublished\":\"2022-03-23T09:00:05+00:00\",\"mainEntityOfPage\":{\"@id\":\"https:\/\/graffocean.com\/focus-david\/\"},\"wordCount\":525,\"publisher\":{\"@id\":\"https:\/\/graffocean.com\/#organization\"},\"image\":{\"@id\":\"https:\/\/graffocean.com\/focus-david\/#primaryimage\"},\"thumbnailUrl\":\"https:\/\/graffocean.com\/wp-content\/uploads\/2022\/01\/2022-02-16-DAVID.jpg\",\"keywords\":[\"challans\",\"graffocean\",\"graphiste\",\"int\u00e9grateur\",\"noirmoutier\",\"print\",\"projets\",\"web\"],\"articleSection\":[\"Agence\"],\"inLanguage\":\"fr-FR\"},{\"@type\":\"WebPage\",\"@id\":\"https:\/\/graffocean.com\/focus-david\/\",\"url\":\"https:\/\/graffocean.com\/focus-david\/\",\"name\":\"Focus sur David, Responsable de l'agence de Challans ! Graffocean, Agence de Communication Vend\u00e9e \u00e0 Challans et Noirmoutier\",\"isPartOf\":{\"@id\":\"https:\/\/graffocean.com\/#website\"},\"primaryImageOfPage\":{\"@id\":\"https:\/\/graffocean.com\/focus-david\/#primaryimage\"},\"image\":{\"@id\":\"https:\/\/graffocean.com\/focus-david\/#primaryimage\"},\"thumbnailUrl\":\"https:\/\/graffocean.com\/wp-content\/uploads\/2022\/01\/2022-02-16-DAVID.jpg\",\"datePublished\":\"2022-03-23T09:00:05+00:00\",\"description\":\"David, responsable de l'agence de Challans, entre autres ! Il est actif sur tous les fronts au sein de l'agence de communication Graffocean\",\"breadcrumb\":{\"@id\":\"https:\/\/graffocean.com\/focus-david\/#breadcrumb\"},\"inLanguage\":\"fr-FR\",\"potentialAction\":[{\"@type\":\"ReadAction\",\"target\":[\"https:\/\/graffocean.com\/focus-david\/\"]}]},{\"@type\":\"ImageObject\",\"inLanguage\":\"fr-FR\",\"@id\":\"https:\/\/graffocean.com\/focus-david\/#primaryimage\",\"url\":\"https:\/\/graffocean.com\/wp-content\/uploads\/2022\/01\/2022-02-16-DAVID.jpg\",\"contentUrl\":\"https:\/\/graffocean.com\/wp-content\/uploads\/2022\/01\/2022-02-16-DAVID.jpg\",\"width\":1200,\"height\":1200},{\"@type\":\"BreadcrumbList\",\"@id\":\"https:\/\/graffocean.com\/focus-david\/#breadcrumb\",\"itemListElement\":[{\"@type\":\"ListItem\",\"position\":1,\"name\":\"Accueil\",\"item\":\"https:\/\/graffocean.com\/\"},{\"@type\":\"ListItem\",\"position\":2,\"name\":\"Agence\",\"item\":\"https:\/\/graffocean.com\/category\/agence\/\"},{\"@type\":\"ListItem\",\"position\":3,\"name\":\"Focus sur David, Responsable de l&rsquo;agence de Challans !\"}]},{\"@type\":\"WebSite\",\"@id\":\"https:\/\/graffocean.com\/#website\",\"url\":\"https:\/\/graffocean.com\/\",\"name\":\"Graffocean, Agence de Communication Vend\u00e9e \u00e0 Challans et Noirmoutier\",\"description\":\"Agence de Communication\",\"publisher\":{\"@id\":\"https:\/\/graffocean.com\/#organization\"},\"potentialAction\":[{\"@type\":\"SearchAction\",\"target\":{\"@type\":\"EntryPoint\",\"urlTemplate\":\"https:\/\/graffocean.com\/?s={search_term_string}\"},\"query-input\":{\"@type\":\"PropertyValueSpecification\",\"valueRequired\":true,\"valueName\":\"search_term_string\"}}],\"inLanguage\":\"fr-FR\"},{\"@type\":\"Organization\",\"@id\":\"https:\/\/graffocean.com\/#organization\",\"name\":\"Graffocean\",\"url\":\"https:\/\/graffocean.com\/\",\"logo\":{\"@type\":\"ImageObject\",\"inLanguage\":\"fr-FR\",\"@id\":\"https:\/\/graffocean.com\/#\/schema\/logo\/image\/\",\"url\":\"https:\/\/graffocean.com\/wp-content\/uploads\/2018\/12\/logo-graffocean.svg\",\"contentUrl\":\"https:\/\/graffocean.com\/wp-content\/uploads\/2018\/12\/logo-graffocean.svg\",\"width\":522,\"height\":66,\"caption\":\"Graffocean\"},\"image\":{\"@id\":\"https:\/\/graffocean.com\/#\/schema\/logo\/image\/\"}},{\"@type\":\"Person\",\"@id\":\"https:\/\/graffocean.com\/#\/schema\/person\/0a7866107900a3dcd99e2987c8c59c21\",\"name\":\"Valentine Binot\",\"image\":{\"@type\":\"ImageObject\",\"inLanguage\":\"fr-FR\",\"@id\":\"https:\/\/graffocean.com\/#\/schema\/person\/image\/\",\"url\":\"https:\/\/secure.gravatar.com\/avatar\/d726c1b9b8f5ea297ea60c03caf44b4b653bf91ac8f9dbc3490c8f5b8c52de27?s=96&d=mm&r=g\",\"contentUrl\":\"https:\/\/secure.gravatar.com\/avatar\/d726c1b9b8f5ea297ea60c03caf44b4b653bf91ac8f9dbc3490c8f5b8c52de27?s=96&d=mm&r=g\",\"caption\":\"Valentine Binot\"},\"url\":\"https:\/\/graffocean.com\/author\/valentine-graffocean\/\"}]}<\/script>\n<!-- \/ Yoast SEO plugin. -->","yoast_head_json":{"title":"Focus sur David, Responsable de l'agence de Challans ! Graffocean, Agence de Communication Vend\u00e9e \u00e0 Challans et Noirmoutier","description":"David, responsable de l'agence de Challans, entre autres ! Il est actif sur tous les fronts au sein de l'agence de communication Graffocean","robots":{"index":"index","follow":"follow","max-snippet":"max-snippet:-1","max-image-preview":"max-image-preview:large","max-video-preview":"max-video-preview:-1"},"canonical":"https:\/\/graffocean.com\/focus-david\/","og_locale":"fr_FR","og_type":"article","og_title":"Focus sur David, Responsable de l'agence de Challans ! Graffocean, Agence de Communication Vend\u00e9e \u00e0 Challans et Noirmoutier","og_description":"David, responsable de l'agence de Challans, entre autres ! Il est actif sur tous les fronts au sein de l'agence de communication Graffocean","og_url":"https:\/\/graffocean.com\/focus-david\/","og_site_name":"Graffocean, Agence de Communication Vend\u00e9e \u00e0 Challans et Noirmoutier","article_published_time":"2022-03-23T09:00:05+00:00","og_image":[{"width":1200,"height":1200,"url":"https:\/\/graffocean.com\/wp-content\/uploads\/2022\/01\/2022-02-16-DAVID.jpg","type":"image\/jpeg"}],"author":"Valentine Binot","twitter_card":"summary_large_image","twitter_misc":{"\u00c9crit par":"Valentine Binot","Dur\u00e9e de lecture estim\u00e9e":"3 minutes"},"schema":{"@context":"https:\/\/schema.org","@graph":[{"@type":"Article","@id":"https:\/\/graffocean.com\/focus-david\/#article","isPartOf":{"@id":"https:\/\/graffocean.com\/focus-david\/"},"author":{"name":"Valentine Binot","@id":"https:\/\/graffocean.com\/#\/schema\/person\/0a7866107900a3dcd99e2987c8c59c21"},"headline":"Focus sur David, Responsable de l&rsquo;agence de Challans !","datePublished":"2022-03-23T09:00:05+00:00","mainEntityOfPage":{"@id":"https:\/\/graffocean.com\/focus-david\/"},"wordCount":525,"publisher":{"@id":"https:\/\/graffocean.com\/#organization"},"image":{"@id":"https:\/\/graffocean.com\/focus-david\/#primaryimage"},"thumbnailUrl":"https:\/\/graffocean.com\/wp-content\/uploads\/2022\/01\/2022-02-16-DAVID.jpg","keywords":["challans","graffocean","graphiste","int\u00e9grateur","noirmoutier","print","projets","web"],"articleSection":["Agence"],"inLanguage":"fr-FR"},{"@type":"WebPage","@id":"https:\/\/graffocean.com\/focus-david\/","url":"https:\/\/graffocean.com\/focus-david\/","name":"Focus sur David, Responsable de l'agence de Challans ! Graffocean, Agence de Communication Vend\u00e9e \u00e0 Challans et Noirmoutier","isPartOf":{"@id":"https:\/\/graffocean.com\/#website"},"primaryImageOfPage":{"@id":"https:\/\/graffocean.com\/focus-david\/#primaryimage"},"image":{"@id":"https:\/\/graffocean.com\/focus-david\/#primaryimage"},"thumbnailUrl":"https:\/\/graffocean.com\/wp-content\/uploads\/2022\/01\/2022-02-16-DAVID.jpg","datePublished":"2022-03-23T09:00:05+00:00","description":"David, responsable de l'agence de Challans, entre autres ! Il est actif sur tous les fronts au sein de l'agence de communication Graffocean","breadcrumb":{"@id":"https:\/\/graffocean.com\/focus-david\/#breadcrumb"},"inLanguage":"fr-FR","potentialAction":[{"@type":"ReadAction","target":["https:\/\/graffocean.com\/focus-david\/"]}]},{"@type":"ImageObject","inLanguage":"fr-FR","@id":"https:\/\/graffocean.com\/focus-david\/#primaryimage","url":"https:\/\/graffocean.com\/wp-content\/uploads\/2022\/01\/2022-02-16-DAVID.jpg","contentUrl":"https:\/\/graffocean.com\/wp-content\/uploads\/2022\/01\/2022-02-16-DAVID.jpg","width":1200,"height":1200},{"@type":"BreadcrumbList","@id":"https:\/\/graffocean.com\/focus-david\/#breadcrumb","itemListElement":[{"@type":"ListItem","position":1,"name":"Accueil","item":"https:\/\/graffocean.com\/"},{"@type":"ListItem","position":2,"name":"Agence","item":"https:\/\/graffocean.com\/category\/agence\/"},{"@type":"ListItem","position":3,"name":"Focus sur David, Responsable de l&rsquo;agence de Challans !"}]},{"@type":"WebSite","@id":"https:\/\/graffocean.com\/#website","url":"https:\/\/graffocean.com\/","name":"Graffocean, Agence de Communication Vend\u00e9e \u00e0 Challans et Noirmoutier","description":"Agence de Communication","publisher":{"@id":"https:\/\/graffocean.com\/#organization"},"potentialAction":[{"@type":"SearchAction","target":{"@type":"EntryPoint","urlTemplate":"https:\/\/graffocean.com\/?s={search_term_string}"},"query-input":{"@type":"PropertyValueSpecification","valueRequired":true,"valueName":"search_term_string"}}],"inLanguage":"fr-FR"},{"@type":"Organization","@id":"https:\/\/graffocean.com\/#organization","name":"Graffocean","url":"https:\/\/graffocean.com\/","logo":{"@type":"ImageObject","inLanguage":"fr-FR","@id":"https:\/\/graffocean.com\/#\/schema\/logo\/image\/","url":"https:\/\/graffocean.com\/wp-content\/uploads\/2018\/12\/logo-graffocean.svg","contentUrl":"https:\/\/graffocean.com\/wp-content\/uploads\/2018\/12\/logo-graffocean.svg","width":522,"height":66,"caption":"Graffocean"},"image":{"@id":"https:\/\/graffocean.com\/#\/schema\/logo\/image\/"}},{"@type":"Person","@id":"https:\/\/graffocean.com\/#\/schema\/person\/0a7866107900a3dcd99e2987c8c59c21","name":"Valentine Binot","image":{"@type":"ImageObject","inLanguage":"fr-FR","@id":"https:\/\/graffocean.com\/#\/schema\/person\/image\/","url":"https:\/\/secure.gravatar.com\/avatar\/d726c1b9b8f5ea297ea60c03caf44b4b653bf91ac8f9dbc3490c8f5b8c52de27?s=96&d=mm&r=g","contentUrl":"https:\/\/secure.gravatar.com\/avatar\/d726c1b9b8f5ea297ea60c03caf44b4b653bf91ac8f9dbc3490c8f5b8c52de27?s=96&d=mm&r=g","caption":"Valentine Binot"},"url":"https:\/\/graffocean.com\/author\/valentine-graffocean\/"}]}},"_links":{"self":[{"href":"https:\/\/graffocean.com\/api\/wp\/v2\/posts\/6733","targetHints":{"allow":["GET"]}}],"collection":[{"href":"https:\/\/graffocean.com\/api\/wp\/v2\/posts"}],"about":[{"href":"https:\/\/graffocean.com\/api\/wp\/v2\/types\/post"}],"author":[{"embeddable":true,"href":"https:\/\/graffocean.com\/api\/wp\/v2\/users\/4"}],"replies":[{"embeddable":true,"href":"https:\/\/graffocean.com\/api\/wp\/v2\/comments?post=6733"}],"version-history":[{"count":9,"href":"https:\/\/graffocean.com\/api\/wp\/v2\/posts\/6733\/revisions"}],"predecessor-version":[{"id":6994,"href":"https:\/\/graffocean.com\/api\/wp\/v2\/posts\/6733\/revisions\/6994"}],"wp:featuredmedia":[{"embeddable":true,"href":"https:\/\/graffocean.com\/api\/wp\/v2\/media\/6862"}],"wp:attachment":[{"href":"https:\/\/graffocean.com\/api\/wp\/v2\/media?parent=6733"}],"wp:term":[{"taxonomy":"category","embeddable":true,"href":"https:\/\/graffocean.com\/api\/wp\/v2\/categories?post=6733"},{"taxonomy":"post_tag","embeddable":true,"href":"https:\/\/graffocean.com\/api\/wp\/v2\/tags?post=6733"}],"curies":[{"name":"wp","href":"https:\/\/api.w.org\/{rel}","templated":true}]}}